{"id":2923,"date":"2023-04-27T15:11:47","date_gmt":"2023-04-27T13:11:47","guid":{"rendered":"https:\/\/ailo.fr\/?p=2923"},"modified":"2024-02-07T14:18:55","modified_gmt":"2024-02-07T13:18:55","slug":"st-riquier-semaine-3","status":"publish","type":"post","link":"https:\/\/ailo.fr\/en\/st-riquier-semaine-3\/","title":{"rendered":"St Riquier-semaine-3"},"content":{"rendered":"<p>[et_pb_section fb_built=\u00a0\u00bb1&Prime; _builder_version=\u00a0\u00bb4.16&Prime; global_colors_info=\u00a0\u00bb{}\u00a0\u00bb][et_pb_row _builder_version=\u00a0\u00bb4.20.4&Prime; background_size=\u00a0\u00bbinitial\u00a0\u00bb background_position=\u00a0\u00bbtop_left\u00a0\u00bb background_repeat=\u00a0\u00bbrepeat\u00a0\u00bb collapsed=\u00a0\u00bboff\u00a0\u00bb global_colors_info=\u00a0\u00bb{}\u00a0\u00bb][et_pb_column type=\u00a0\u00bb4_4&Prime; _builder_version=\u00a0\u00bb4.16&Prime; custom_padding=\u00a0\u00bb|||\u00a0\u00bb global_colors_info=\u00a0\u00bb{}\u00a0\u00bb custom_padding__hover=\u00a0\u00bb|||\u00a0\u00bb][et_pb_text admin_label=\u00a0\u00bbSEMAINE 3&Prime; _builder_version=\u00a0\u00bb4.20.4&Prime; _module_preset=\u00a0\u00bbdefault\u00a0\u00bb global_colors_info=\u00a0\u00bb{}\u00a0\u00bb]<\/p>\n<p style=\"text-align: center;\">R\u00e9sidence \u00e0 l&rsquo;Abbaye de St Riquier<\/p>\n<p style=\"text-align: center;\">SEMAINE 3\/6<\/p>\n<p style=\"text-align: center;\">ON D\u00c9COUVRE ENCORE, ON S&rsquo;INSTALLE, ON ESSAIE<\/p>\n<p>&nbsp;<\/p>\n<p>[\/et_pb_text][et_pb_text admin_label=\u00a0\u00bbVISITE DES SOUTERRAINS\u00a0\u00bb _builder_version=\u00a0\u00bb4.20.4&Prime; _module_preset=\u00a0\u00bbdefault\u00a0\u00bb global_colors_info=\u00a0\u00bb{}\u00a0\u00bb]<\/p>\n<p style=\"text-align: center;\">VISITE DES SOUTERRAINS DE L&rsquo;ABBAYE AVEC SES SOURCES<\/p>\n<p>&nbsp;<\/p>\n<p>[\/et_pb_text][et_pb_gallery gallery_ids=\u00a0\u00bb2846,2847,2848,2849&Prime; admin_label=\u00a0\u00bbLES SOURCES DE L&rsquo;ABBAYE\u00a0\u00bb _builder_version=\u00a0\u00bb4.20.4&Prime; _module_preset=\u00a0\u00bbdefault\u00a0\u00bb global_colors_info=\u00a0\u00bb{}\u00a0\u00bb][\/et_pb_gallery][et_pb_text admin_label=\u00a0\u00bbUN LIVE EN PROJET, LE MAT\u00c9RIEL SONORE PREND PLACE\u00a0\u00bb _builder_version=\u00a0\u00bb4.20.4&Prime; _module_preset=\u00a0\u00bbdefault\u00a0\u00bb global_colors_info=\u00a0\u00bb{}\u00a0\u00bb]<\/p>\n<p style=\"text-align: center;\">UN LIVE EN PROJET, LE MAT\u00c9RIEL SONORE PREND PLACE<\/p>\n<p>&nbsp;<\/p>\n<p>[\/et_pb_text][et_pb_image src=\u00a0\u00bbhttps:\/\/ailo.fr\/wp-content\/uploads\/2023\/04\/IMG_20230410_144542.jpg\u00a0\u00bb align=\u00a0\u00bbcenter\u00a0\u00bb admin_label=\u00a0\u00bbPHOTO TABLE SON\u00a0\u00bb _builder_version=\u00a0\u00bb4.20.4&Prime; _module_preset=\u00a0\u00bbdefault\u00a0\u00bb global_colors_info=\u00a0\u00bb{}\u00a0\u00bb][\/et_pb_image][et_pb_divider show_divider=\u00a0\u00bboff\u00a0\u00bb _builder_version=\u00a0\u00bb4.20.4&Prime; _module_preset=\u00a0\u00bbdefault\u00a0\u00bb global_colors_info=\u00a0\u00bb{}\u00a0\u00bb][\/et_pb_divider][et_pb_text admin_label=\u00a0\u00bbLES TILLEULS S&rsquo;ENLACENT TOUJOURS, ET LES FLEURS DES FRUITIERS POUSSENT\u00a0\u00bb _builder_version=\u00a0\u00bb4.20.4&Prime; _module_preset=\u00a0\u00bbdefault\u00a0\u00bb global_colors_info=\u00a0\u00bb{}\u00a0\u00bb]<\/p>\n<p style=\"text-align: center;\">LES FLEURS DES FRUITIERS POUSSENT<\/p>\n<p>&nbsp;<\/p>\n<p><img loading=\"lazy\" decoding=\"async\" class=\"aligncenter wp-image-2850 size-full\" src=\"https:\/\/ailo.fr\/wp-content\/uploads\/2023\/04\/IMG_20230418_191509.jpg\" alt=\"\" width=\"427\" height=\"777\" srcset=\"https:\/\/ailo.fr\/wp-content\/uploads\/2023\/04\/IMG_20230418_191509.jpg 427w, https:\/\/ailo.fr\/wp-content\/uploads\/2023\/04\/IMG_20230418_191509-165x300.jpg 165w, https:\/\/ailo.fr\/wp-content\/uploads\/2023\/04\/IMG_20230418_191509-7x12.jpg 7w\" sizes=\"(max-width: 427px) 100vw, 427px\" \/><\/p>\n<p>&nbsp;<\/p>\n<p style=\"text-align: center;\">LES TILLEULS S\u2019ENLACENT ENCORE<\/p>\n<p>&nbsp;<\/p>\n<p style=\"text-align: center;\"><img loading=\"lazy\" decoding=\"async\" class=\"alignnone wp-image-2851 size-full\" src=\"https:\/\/ailo.fr\/wp-content\/uploads\/2023\/04\/IMG_20230418_192151.jpg\" alt=\"\" width=\"777\" height=\"437\" srcset=\"https:\/\/ailo.fr\/wp-content\/uploads\/2023\/04\/IMG_20230418_192151.jpg 777w, https:\/\/ailo.fr\/wp-content\/uploads\/2023\/04\/IMG_20230418_192151-480x270.jpg 480w\" sizes=\"(min-width: 0px) and (max-width: 480px) 480px, (min-width: 481px) 777px, 100vw\" \/><\/p>\n<p>[\/et_pb_text][et_pb_text admin_label=\u00a0\u00bbON OCCULTE LES FEN\u00caTRES DE L&rsquo;ATELIER\u00a0\u00bb _builder_version=\u00a0\u00bb4.20.4&Prime; _module_preset=\u00a0\u00bbdefault\u00a0\u00bb global_colors_info=\u00a0\u00bb{}\u00a0\u00bb]<\/p>\n<p>&nbsp;<\/p>\n<p style=\"text-align: center;\">ON OCCULTE LES FEN\u00caTRES DE L&rsquo;ATELIER&#8230;<\/p>\n<p>&nbsp;<\/p>\n<p>[\/et_pb_text][et_pb_image src=\u00a0\u00bbhttps:\/\/ailo.fr\/wp-content\/uploads\/2023\/04\/IMG_20230421_163703-169&#215;300.jpg\u00a0\u00bb align=\u00a0\u00bbcenter\u00a0\u00bb admin_label=\u00a0\u00bbPHOTO FEN\u00caTRES DE L&rsquo;ATELIER\u00a0\u00bb _builder_version=\u00a0\u00bb4.20.4&Prime; _module_preset=\u00a0\u00bbdefault\u00a0\u00bb background_color=\u00a0\u00bbRGBA(255,255,255,0)\u00a0\u00bb global_colors_info=\u00a0\u00bb{}\u00a0\u00bb][\/et_pb_image][et_pb_divider show_divider=\u00a0\u00bboff\u00a0\u00bb _builder_version=\u00a0\u00bb4.20.4&Prime; _module_preset=\u00a0\u00bbdefault\u00a0\u00bb global_colors_info=\u00a0\u00bb{}\u00a0\u00bb][\/et_pb_divider][et_pb_text admin_label=\u00a0\u00bbPOUR LAISSER PLACE A LA LUMIERE\u00a0\u00bb _builder_version=\u00a0\u00bb4.20.4&Prime; _module_preset=\u00a0\u00bbdefault\u00a0\u00bb global_colors_info=\u00a0\u00bb{}\u00a0\u00bb]<\/p>\n<p>&nbsp;<\/p>\n<p style=\"text-align: center;\">POUR LAISSER PLACE A LA LUMI\u00c8RE<\/p>\n<p style=\"text-align: center;\">AVEC LE CORPS COMME MOYEN SUPPL\u00c9MENTAIRE DE LA DESSINER<\/p>\n<p>&nbsp;<\/p>\n<p>[\/et_pb_text][et_pb_gallery gallery_ids=\u00a0\u00bb2874,2879,2876,2871,2873,2877,2878,2872&Prime; posts_number=\u00a0\u00bb12&Prime; show_title_and_caption=\u00a0\u00bboff\u00a0\u00bb show_pagination=\u00a0\u00bboff\u00a0\u00bb admin_label=\u00a0\u00bbPHOTOS PERF\u00a0\u00bb _builder_version=\u00a0\u00bb4.20.4&Prime; _module_preset=\u00a0\u00bbdefault\u00a0\u00bb global_colors_info=\u00a0\u00bb{}\u00a0\u00bb][\/et_pb_gallery][\/et_pb_column][\/et_pb_row][et_pb_row column_structure=\u00a0\u00bb1_3,1_3,1_3&Prime; use_custom_gutter=\u00a0\u00bbon\u00a0\u00bb make_equal=\u00a0\u00bbon\u00a0\u00bb _builder_version=\u00a0\u00bb4.21.0&Prime; _module_preset=\u00a0\u00bbdefault\u00a0\u00bb width=\u00a0\u00bb97%\u00a0\u00bb module_alignment=\u00a0\u00bbcenter\u00a0\u00bb locked=\u00a0\u00bboff\u00a0\u00bb global_colors_info=\u00a0\u00bb{}\u00a0\u00bb][et_pb_column type=\u00a0\u00bb1_3&Prime; _builder_version=\u00a0\u00bb4.21.0&Prime; _module_preset=\u00a0\u00bbdefault\u00a0\u00bb global_colors_info=\u00a0\u00bb{}\u00a0\u00bb][et_pb_text admin_label=\u00a0\u00bbsemaine 2 pr\u00e9c\u00e9dente\u00a0\u00bb _builder_version=\u00a0\u00bb4.21.0&Prime; _module_preset=\u00a0\u00bbdefault\u00a0\u00bb global_colors_info=\u00a0\u00bb{}\u00a0\u00bb]<\/p>\n<p style=\"text-align: center;\"><a href=\"https:\/\/ailo.fr\/st-riquier-semaine-2\/\">Semaine pr\u00e9c\u00e9dente<\/a><\/p>\n<p>[\/et_pb_text][\/et_pb_column][et_pb_column type=\u00a0\u00bb1_3&Prime; _builder_version=\u00a0\u00bb4.21.0&Prime; _module_preset=\u00a0\u00bbdefault\u00a0\u00bb global_colors_info=\u00a0\u00bb{}\u00a0\u00bb][et_pb_text admin_label=\u00a0\u00bbRetour\u00a0\u00bb _builder_version=\u00a0\u00bb4.21.0&Prime; _module_preset=\u00a0\u00bbdefault\u00a0\u00bb global_colors_info=\u00a0\u00bb{}\u00a0\u00bb]<\/p>\n<p style=\"text-align: center;\"><a href=\"https:\/\/ailo.fr\/residence-abbaye-de-st-riquier\/\">Retour<\/a><\/p>\n<p>[\/et_pb_text][\/et_pb_column][et_pb_column type=\u00a0\u00bb1_3&Prime; _builder_version=\u00a0\u00bb4.21.0&Prime; _module_preset=\u00a0\u00bbdefault\u00a0\u00bb global_colors_info=\u00a0\u00bb{}\u00a0\u00bb][et_pb_text admin_label=\u00a0\u00bbsem 4 suivante\u00a0\u00bb _builder_version=\u00a0\u00bb4.21.0&Prime; _module_preset=\u00a0\u00bbdefault\u00a0\u00bb global_colors_info=\u00a0\u00bb{}\u00a0\u00bb]<\/p>\n<p style=\"text-align: center;\"><a href=\"https:\/\/ailo.fr\/st-riquier-semaine-4\/\" data-wplink-edit=\"true\">Semaine suivante<\/a><\/p>\n<p>[\/et_pb_text][\/et_pb_column][\/et_pb_row][\/et_pb_section]<\/p>\n","protected":false},"excerpt":{"rendered":"<p>R\u00e9sidence \u00e0 l&rsquo;Abbaye de St Riquier SEMAINE 3\/6 ON D\u00c9COUVRE ENCORE, ON S&rsquo;INSTALLE, ON ESSAIE &nbsp;VISITE DES SOUTERRAINS DE L&rsquo;ABBAYE AVEC SES SOURCES &nbsp;UN LIVE EN PROJET, LE MAT\u00c9RIEL SONORE PREND PLACE &nbsp;LES FLEURS DES FRUITIERS POUSSENT &nbsp; &nbsp; LES TILLEULS S\u2019ENLACENT ENCORE &nbsp; &nbsp; ON OCCULTE LES FEN\u00caTRES DE L&rsquo;ATELIER&#8230; &nbsp;&nbsp; POUR LAISSER PLACE [&hellip;]<\/p>\n","protected":false},"author":1,"featured_media":2873,"comment_status":"closed","ping_status":"closed","sticky":false,"template":"","format":"standard","meta":{"_et_pb_use_builder":"on","_et_pb_old_content":"","_et_gb_content_width":"","footnotes":""},"categories":[214],"tags":[],"class_list":["post-2923","post","type-post","status-publish","format-standard","has-post-thumbnail","hentry","category-st-riquier"],"yoast_head":"<!-- This site is optimized with the Yoast SEO plugin v27.5 - https:\/\/yoast.com\/product\/yoast-seo-wordpress\/ -->\n<title>St Riquier-semaine-3 - A.I.L.O se prononce Hello<\/title>\n<meta name=\"description\" content=\"AILO, Atelier d\u2019Immersion Lumineuse et Obscure, entit\u00e9 artistique qui se d\u00e9die \u00e0 une recherche de dialogue et d\u2019interactions entre diff\u00e9rents mat\u00e9riaux et proc\u00e9d\u00e9s num\u00e9riques et analogiques. Entre Arts contemporain et Arts num\u00e9riques.\" \/>\n<meta name=\"robots\" content=\"index, follow, max-snippet:-1, max-image-preview:large, max-video-preview:-1\" \/>\n<link rel=\"canonical\" href=\"https:\/\/ailo.fr\/en\/st-riquier-semaine-3\/\" \/>\n<meta property=\"og:locale\" content=\"en_GB\" \/>\n<meta property=\"og:type\" content=\"article\" \/>\n<meta property=\"og:title\" content=\"St Riquier-semaine-3 - A.I.L.O se prononce Hello\" \/>\n<meta property=\"og:description\" content=\"AILO, Atelier d\u2019Immersion Lumineuse et Obscure, entit\u00e9 artistique qui se d\u00e9die \u00e0 une recherche de dialogue et d\u2019interactions entre diff\u00e9rents mat\u00e9riaux et proc\u00e9d\u00e9s num\u00e9riques et analogiques. Entre Arts contemporain et Arts num\u00e9riques.\" \/>\n<meta property=\"og:url\" content=\"https:\/\/ailo.fr\/en\/st-riquier-semaine-3\/\" \/>\n<meta property=\"og:site_name\" content=\"A.I.L.O se prononce Hello\" \/>\n<meta property=\"article:publisher\" content=\"https:\/\/www.facebook.com\/profile.php?id=100013094883937\" \/>\n<meta property=\"article:published_time\" content=\"2023-04-27T13:11:47+00:00\" \/>\n<meta property=\"article:modified_time\" content=\"2024-02-07T13:18:55+00:00\" \/>\n<meta property=\"og:image\" content=\"https:\/\/ailo.fr\/wp-content\/uploads\/2023\/04\/perf-2.jpg\" \/>\n\t<meta property=\"og:image:width\" content=\"777\" \/>\n\t<meta property=\"og:image:height\" content=\"437\" \/>\n\t<meta property=\"og:image:type\" content=\"image\/jpeg\" \/>\n<meta name=\"author\" content=\"Edit\" \/>\n<meta name=\"twitter:card\" content=\"summary_large_image\" \/>\n<meta name=\"twitter:label1\" content=\"Written by\" \/>\n\t<meta name=\"twitter:data1\" content=\"Edit\" \/>\n\t<meta name=\"twitter:label2\" content=\"Estimated reading time\" \/>\n\t<meta name=\"twitter:data2\" content=\"4 minutes\" \/>\n<script type=\"application\/ld+json\" class=\"yoast-schema-graph\">{\"@context\":\"https:\\\/\\\/schema.org\",\"@graph\":[{\"@type\":\"Article\",\"@id\":\"https:\\\/\\\/ailo.fr\\\/st-riquier-semaine-3\\\/#article\",\"isPartOf\":{\"@id\":\"https:\\\/\\\/ailo.fr\\\/st-riquier-semaine-3\\\/\"},\"author\":{\"name\":\"Edit\",\"@id\":\"https:\\\/\\\/ailo.fr\\\/#\\\/schema\\\/person\\\/55cb312d8e24aa95a0fac9b0156951b1\"},\"headline\":\"St Riquier-semaine-3\",\"datePublished\":\"2023-04-27T13:11:47+00:00\",\"dateModified\":\"2024-02-07T13:18:55+00:00\",\"mainEntityOfPage\":{\"@id\":\"https:\\\/\\\/ailo.fr\\\/st-riquier-semaine-3\\\/\"},\"wordCount\":560,\"publisher\":{\"@id\":\"https:\\\/\\\/ailo.fr\\\/#organization\"},\"image\":{\"@id\":\"https:\\\/\\\/ailo.fr\\\/st-riquier-semaine-3\\\/#primaryimage\"},\"thumbnailUrl\":\"https:\\\/\\\/ailo.fr\\\/wp-content\\\/uploads\\\/2023\\\/04\\\/perf-2.jpg\",\"articleSection\":[\"St Riquier\"],\"inLanguage\":\"en-GB\"},{\"@type\":\"WebPage\",\"@id\":\"https:\\\/\\\/ailo.fr\\\/st-riquier-semaine-3\\\/\",\"url\":\"https:\\\/\\\/ailo.fr\\\/st-riquier-semaine-3\\\/\",\"name\":\"St Riquier-semaine-3 - A.I.L.O se prononce Hello\",\"isPartOf\":{\"@id\":\"https:\\\/\\\/ailo.fr\\\/#website\"},\"primaryImageOfPage\":{\"@id\":\"https:\\\/\\\/ailo.fr\\\/st-riquier-semaine-3\\\/#primaryimage\"},\"image\":{\"@id\":\"https:\\\/\\\/ailo.fr\\\/st-riquier-semaine-3\\\/#primaryimage\"},\"thumbnailUrl\":\"https:\\\/\\\/ailo.fr\\\/wp-content\\\/uploads\\\/2023\\\/04\\\/perf-2.jpg\",\"datePublished\":\"2023-04-27T13:11:47+00:00\",\"dateModified\":\"2024-02-07T13:18:55+00:00\",\"description\":\"AILO, Atelier d\u2019Immersion Lumineuse et Obscure, entit\u00e9 artistique qui se d\u00e9die \u00e0 une recherche de dialogue et d\u2019interactions entre diff\u00e9rents mat\u00e9riaux et proc\u00e9d\u00e9s num\u00e9riques et analogiques. Entre Arts contemporain et Arts num\u00e9riques.\",\"breadcrumb\":{\"@id\":\"https:\\\/\\\/ailo.fr\\\/st-riquier-semaine-3\\\/#breadcrumb\"},\"inLanguage\":\"en-GB\",\"potentialAction\":[{\"@type\":\"ReadAction\",\"target\":[\"https:\\\/\\\/ailo.fr\\\/st-riquier-semaine-3\\\/\"]}]},{\"@type\":\"ImageObject\",\"inLanguage\":\"en-GB\",\"@id\":\"https:\\\/\\\/ailo.fr\\\/st-riquier-semaine-3\\\/#primaryimage\",\"url\":\"https:\\\/\\\/ailo.fr\\\/wp-content\\\/uploads\\\/2023\\\/04\\\/perf-2.jpg\",\"contentUrl\":\"https:\\\/\\\/ailo.fr\\\/wp-content\\\/uploads\\\/2023\\\/04\\\/perf-2.jpg\",\"width\":777,\"height\":437},{\"@type\":\"BreadcrumbList\",\"@id\":\"https:\\\/\\\/ailo.fr\\\/st-riquier-semaine-3\\\/#breadcrumb\",\"itemListElement\":[{\"@type\":\"ListItem\",\"position\":1,\"name\":\"Accueil\",\"item\":\"https:\\\/\\\/ailo.fr\\\/\"},{\"@type\":\"ListItem\",\"position\":2,\"name\":\"St Riquier-semaine-3\"}]},{\"@type\":\"WebSite\",\"@id\":\"https:\\\/\\\/ailo.fr\\\/#website\",\"url\":\"https:\\\/\\\/ailo.fr\\\/\",\"name\":\"A.I.L.O se prononce Hello\",\"description\":\"Atelier d&#039;Immersion Lumineuse et Obscure\",\"publisher\":{\"@id\":\"https:\\\/\\\/ailo.fr\\\/#organization\"},\"potentialAction\":[{\"@type\":\"SearchAction\",\"target\":{\"@type\":\"EntryPoint\",\"urlTemplate\":\"https:\\\/\\\/ailo.fr\\\/?s={search_term_string}\"},\"query-input\":{\"@type\":\"PropertyValueSpecification\",\"valueRequired\":true,\"valueName\":\"search_term_string\"}}],\"inLanguage\":\"en-GB\"},{\"@type\":\"Organization\",\"@id\":\"https:\\\/\\\/ailo.fr\\\/#organization\",\"name\":\"AILO\",\"url\":\"https:\\\/\\\/ailo.fr\\\/\",\"logo\":{\"@type\":\"ImageObject\",\"inLanguage\":\"en-GB\",\"@id\":\"https:\\\/\\\/ailo.fr\\\/#\\\/schema\\\/logo\\\/image\\\/\",\"url\":\"https:\\\/\\\/ailo.fr\\\/wp-content\\\/uploads\\\/2016\\\/10\\\/logolight-WEB.gif\",\"contentUrl\":\"https:\\\/\\\/ailo.fr\\\/wp-content\\\/uploads\\\/2016\\\/10\\\/logolight-WEB.gif\",\"width\":177,\"height\":177,\"caption\":\"AILO\"},\"image\":{\"@id\":\"https:\\\/\\\/ailo.fr\\\/#\\\/schema\\\/logo\\\/image\\\/\"},\"sameAs\":[\"https:\\\/\\\/www.facebook.com\\\/profile.php?id=100013094883937\",\"https:\\\/\\\/www.instagram.com\\\/ailoatelier\\\/\"]},{\"@type\":\"Person\",\"@id\":\"https:\\\/\\\/ailo.fr\\\/#\\\/schema\\\/person\\\/55cb312d8e24aa95a0fac9b0156951b1\",\"name\":\"Edit\",\"image\":{\"@type\":\"ImageObject\",\"inLanguage\":\"en-GB\",\"@id\":\"https:\\\/\\\/secure.gravatar.com\\\/avatar\\\/57a0e66dc1aeb18fe47d9ed75439014b059bddccd06c7cf183fd32d832f7a04c?s=96&d=identicon&r=g\",\"url\":\"https:\\\/\\\/secure.gravatar.com\\\/avatar\\\/57a0e66dc1aeb18fe47d9ed75439014b059bddccd06c7cf183fd32d832f7a04c?s=96&d=identicon&r=g\",\"contentUrl\":\"https:\\\/\\\/secure.gravatar.com\\\/avatar\\\/57a0e66dc1aeb18fe47d9ed75439014b059bddccd06c7cf183fd32d832f7a04c?s=96&d=identicon&r=g\",\"caption\":\"Edit\"}}]}<\/script>\n<!-- \/ Yoast SEO plugin. -->","yoast_head_json":{"title":"St Riquier-semaine-3 - A.I.L.O se prononce Hello","description":"AILO, Atelier d\u2019Immersion Lumineuse et Obscure, entit\u00e9 artistique qui se d\u00e9die \u00e0 une recherche de dialogue et d\u2019interactions entre diff\u00e9rents mat\u00e9riaux et proc\u00e9d\u00e9s num\u00e9riques et analogiques. Entre Arts contemporain et Arts num\u00e9riques.","robots":{"index":"index","follow":"follow","max-snippet":"max-snippet:-1","max-image-preview":"max-image-preview:large","max-video-preview":"max-video-preview:-1"},"canonical":"https:\/\/ailo.fr\/en\/st-riquier-semaine-3\/","og_locale":"en_GB","og_type":"article","og_title":"St Riquier-semaine-3 - A.I.L.O se prononce Hello","og_description":"AILO, Atelier d\u2019Immersion Lumineuse et Obscure, entit\u00e9 artistique qui se d\u00e9die \u00e0 une recherche de dialogue et d\u2019interactions entre diff\u00e9rents mat\u00e9riaux et proc\u00e9d\u00e9s num\u00e9riques et analogiques. Entre Arts contemporain et Arts num\u00e9riques.","og_url":"https:\/\/ailo.fr\/en\/st-riquier-semaine-3\/","og_site_name":"A.I.L.O se prononce Hello","article_publisher":"https:\/\/www.facebook.com\/profile.php?id=100013094883937","article_published_time":"2023-04-27T13:11:47+00:00","article_modified_time":"2024-02-07T13:18:55+00:00","og_image":[{"width":777,"height":437,"url":"https:\/\/ailo.fr\/wp-content\/uploads\/2023\/04\/perf-2.jpg","type":"image\/jpeg"}],"author":"Edit","twitter_card":"summary_large_image","twitter_misc":{"Written by":"Edit","Estimated reading time":"4 minutes"},"schema":{"@context":"https:\/\/schema.org","@graph":[{"@type":"Article","@id":"https:\/\/ailo.fr\/st-riquier-semaine-3\/#article","isPartOf":{"@id":"https:\/\/ailo.fr\/st-riquier-semaine-3\/"},"author":{"name":"Edit","@id":"https:\/\/ailo.fr\/#\/schema\/person\/55cb312d8e24aa95a0fac9b0156951b1"},"headline":"St Riquier-semaine-3","datePublished":"2023-04-27T13:11:47+00:00","dateModified":"2024-02-07T13:18:55+00:00","mainEntityOfPage":{"@id":"https:\/\/ailo.fr\/st-riquier-semaine-3\/"},"wordCount":560,"publisher":{"@id":"https:\/\/ailo.fr\/#organization"},"image":{"@id":"https:\/\/ailo.fr\/st-riquier-semaine-3\/#primaryimage"},"thumbnailUrl":"https:\/\/ailo.fr\/wp-content\/uploads\/2023\/04\/perf-2.jpg","articleSection":["St Riquier"],"inLanguage":"en-GB"},{"@type":"WebPage","@id":"https:\/\/ailo.fr\/st-riquier-semaine-3\/","url":"https:\/\/ailo.fr\/st-riquier-semaine-3\/","name":"St Riquier-semaine-3 - A.I.L.O se prononce Hello","isPartOf":{"@id":"https:\/\/ailo.fr\/#website"},"primaryImageOfPage":{"@id":"https:\/\/ailo.fr\/st-riquier-semaine-3\/#primaryimage"},"image":{"@id":"https:\/\/ailo.fr\/st-riquier-semaine-3\/#primaryimage"},"thumbnailUrl":"https:\/\/ailo.fr\/wp-content\/uploads\/2023\/04\/perf-2.jpg","datePublished":"2023-04-27T13:11:47+00:00","dateModified":"2024-02-07T13:18:55+00:00","description":"AILO, Atelier d\u2019Immersion Lumineuse et Obscure, entit\u00e9 artistique qui se d\u00e9die \u00e0 une recherche de dialogue et d\u2019interactions entre diff\u00e9rents mat\u00e9riaux et proc\u00e9d\u00e9s num\u00e9riques et analogiques. Entre Arts contemporain et Arts num\u00e9riques.","breadcrumb":{"@id":"https:\/\/ailo.fr\/st-riquier-semaine-3\/#breadcrumb"},"inLanguage":"en-GB","potentialAction":[{"@type":"ReadAction","target":["https:\/\/ailo.fr\/st-riquier-semaine-3\/"]}]},{"@type":"ImageObject","inLanguage":"en-GB","@id":"https:\/\/ailo.fr\/st-riquier-semaine-3\/#primaryimage","url":"https:\/\/ailo.fr\/wp-content\/uploads\/2023\/04\/perf-2.jpg","contentUrl":"https:\/\/ailo.fr\/wp-content\/uploads\/2023\/04\/perf-2.jpg","width":777,"height":437},{"@type":"BreadcrumbList","@id":"https:\/\/ailo.fr\/st-riquier-semaine-3\/#breadcrumb","itemListElement":[{"@type":"ListItem","position":1,"name":"Accueil","item":"https:\/\/ailo.fr\/"},{"@type":"ListItem","position":2,"name":"St Riquier-semaine-3"}]},{"@type":"WebSite","@id":"https:\/\/ailo.fr\/#website","url":"https:\/\/ailo.fr\/","name":"A.I.L.O it pronounces Hello","description":"Art Immersive Luminous and Obscure","publisher":{"@id":"https:\/\/ailo.fr\/#organization"},"potentialAction":[{"@type":"SearchAction","target":{"@type":"EntryPoint","urlTemplate":"https:\/\/ailo.fr\/?s={search_term_string}"},"query-input":{"@type":"PropertyValueSpecification","valueRequired":true,"valueName":"search_term_string"}}],"inLanguage":"en-GB"},{"@type":"Organization","@id":"https:\/\/ailo.fr\/#organization","name":"AILO","url":"https:\/\/ailo.fr\/","logo":{"@type":"ImageObject","inLanguage":"en-GB","@id":"https:\/\/ailo.fr\/#\/schema\/logo\/image\/","url":"https:\/\/ailo.fr\/wp-content\/uploads\/2016\/10\/logolight-WEB.gif","contentUrl":"https:\/\/ailo.fr\/wp-content\/uploads\/2016\/10\/logolight-WEB.gif","width":177,"height":177,"caption":"AILO"},"image":{"@id":"https:\/\/ailo.fr\/#\/schema\/logo\/image\/"},"sameAs":["https:\/\/www.facebook.com\/profile.php?id=100013094883937","https:\/\/www.instagram.com\/ailoatelier\/"]},{"@type":"Person","@id":"https:\/\/ailo.fr\/#\/schema\/person\/55cb312d8e24aa95a0fac9b0156951b1","name":"Edit","image":{"@type":"ImageObject","inLanguage":"en-GB","@id":"https:\/\/secure.gravatar.com\/avatar\/57a0e66dc1aeb18fe47d9ed75439014b059bddccd06c7cf183fd32d832f7a04c?s=96&d=identicon&r=g","url":"https:\/\/secure.gravatar.com\/avatar\/57a0e66dc1aeb18fe47d9ed75439014b059bddccd06c7cf183fd32d832f7a04c?s=96&d=identicon&r=g","contentUrl":"https:\/\/secure.gravatar.com\/avatar\/57a0e66dc1aeb18fe47d9ed75439014b059bddccd06c7cf183fd32d832f7a04c?s=96&d=identicon&r=g","caption":"Edit"}}]}},"_links":{"self":[{"href":"https:\/\/ailo.fr\/en\/wp-json\/wp\/v2\/posts\/2923","targetHints":{"allow":["GET"]}}],"collection":[{"href":"https:\/\/ailo.fr\/en\/wp-json\/wp\/v2\/posts"}],"about":[{"href":"https:\/\/ailo.fr\/en\/wp-json\/wp\/v2\/types\/post"}],"author":[{"embeddable":true,"href":"https:\/\/ailo.fr\/en\/wp-json\/wp\/v2\/users\/1"}],"replies":[{"embeddable":true,"href":"https:\/\/ailo.fr\/en\/wp-json\/wp\/v2\/comments?post=2923"}],"version-history":[{"count":0,"href":"https:\/\/ailo.fr\/en\/wp-json\/wp\/v2\/posts\/2923\/revisions"}],"wp:featuredmedia":[{"embeddable":true,"href":"https:\/\/ailo.fr\/en\/wp-json\/wp\/v2\/media\/2873"}],"wp:attachment":[{"href":"https:\/\/ailo.fr\/en\/wp-json\/wp\/v2\/media?parent=2923"}],"wp:term":[{"taxonomy":"category","embeddable":true,"href":"https:\/\/ailo.fr\/en\/wp-json\/wp\/v2\/categories?post=2923"},{"taxonomy":"post_tag","embeddable":true,"href":"https:\/\/ailo.fr\/en\/wp-json\/wp\/v2\/tags?post=2923"}],"curies":[{"name":"wp","href":"https:\/\/api.w.org\/{rel}","templated":true}]}}