{"id":2910,"date":"2023-04-27T15:03:29","date_gmt":"2023-04-27T13:03:29","guid":{"rendered":"https:\/\/ailo.fr\/?p=2910"},"modified":"2024-02-07T14:17:57","modified_gmt":"2024-02-07T13:17:57","slug":"st-riquier-semaine-1","status":"publish","type":"post","link":"https:\/\/ailo.fr\/en\/st-riquier-semaine-1\/","title":{"rendered":"St Riquier-semaine-1"},"content":{"rendered":"<p>[et_pb_section fb_built=\u00a0\u00bb1&Prime; _builder_version=\u00a0\u00bb4.16&Prime; global_colors_info=\u00a0\u00bb{}\u00a0\u00bb][et_pb_row _builder_version=\u00a0\u00bb4.20.4&Prime; background_size=\u00a0\u00bbinitial\u00a0\u00bb background_position=\u00a0\u00bbtop_left\u00a0\u00bb background_repeat=\u00a0\u00bbrepeat\u00a0\u00bb collapsed=\u00a0\u00bboff\u00a0\u00bb global_colors_info=\u00a0\u00bb{}\u00a0\u00bb][et_pb_column type=\u00a0\u00bb4_4&Prime; _builder_version=\u00a0\u00bb4.16&Prime; custom_padding=\u00a0\u00bb|||\u00a0\u00bb global_colors_info=\u00a0\u00bb{}\u00a0\u00bb custom_padding__hover=\u00a0\u00bb|||\u00a0\u00bb][et_pb_text admin_label=\u00a0\u00bbSEMAINE 1&Prime; _builder_version=\u00a0\u00bb4.20.4&Prime; background_size=\u00a0\u00bbinitial\u00a0\u00bb background_position=\u00a0\u00bbtop_left\u00a0\u00bb background_repeat=\u00a0\u00bbrepeat\u00a0\u00bb global_colors_info=\u00a0\u00bb{}\u00a0\u00bb]<\/p>\n<p style=\"text-align: center;\">R\u00e9sidence \u00e0 l&rsquo;Abbaye de St Riquier<\/p>\n<p style=\"text-align: center;\">SEMAINE 1\/6<\/p>\n<p style=\"text-align: center;\">IMMERSION \/ INSPIRATION<\/p>\n<p>[\/et_pb_text][et_pb_gallery gallery_ids=\u00a0\u00bb2706,2707,2692,2693,2701,2705,2699,2704,2702,2718,2711,2696,2697,2712,2724,2723,2698,2695,2694,2708,2710,2721,2722,2717,2690,2714,2713,2720,2691,2716,2703,2715&Prime; posts_number=\u00a0\u00bb36&Prime; show_title_and_caption=\u00a0\u00bboff\u00a0\u00bb show_pagination=\u00a0\u00bboff\u00a0\u00bb admin_label=\u00a0\u00bbGALERIE S01&Prime; _builder_version=\u00a0\u00bb4.21.0&Prime; _module_preset=\u00a0\u00bbdefault\u00a0\u00bb global_colors_info=\u00a0\u00bb{}\u00a0\u00bb][\/et_pb_gallery][\/et_pb_column][\/et_pb_row][et_pb_row column_structure=\u00a0\u00bb1_3,1_3,1_3&Prime; use_custom_gutter=\u00a0\u00bbon\u00a0\u00bb make_equal=\u00a0\u00bbon\u00a0\u00bb _builder_version=\u00a0\u00bb4.21.0&Prime; _module_preset=\u00a0\u00bbdefault\u00a0\u00bb width=\u00a0\u00bb97%\u00a0\u00bb module_alignment=\u00a0\u00bbcenter\u00a0\u00bb locked=\u00a0\u00bboff\u00a0\u00bb global_colors_info=\u00a0\u00bb{}\u00a0\u00bb][et_pb_column type=\u00a0\u00bb1_3&Prime; _builder_version=\u00a0\u00bb4.21.0&Prime; _module_preset=\u00a0\u00bbdefault\u00a0\u00bb global_colors_info=\u00a0\u00bb{}\u00a0\u00bb][\/et_pb_column][et_pb_column type=\u00a0\u00bb1_3&Prime; _builder_version=\u00a0\u00bb4.21.0&Prime; _module_preset=\u00a0\u00bbdefault\u00a0\u00bb global_colors_info=\u00a0\u00bb{}\u00a0\u00bb][et_pb_text admin_label=\u00a0\u00bbRetour\u00a0\u00bb _builder_version=\u00a0\u00bb4.21.0&Prime; _module_preset=\u00a0\u00bbdefault\u00a0\u00bb global_colors_info=\u00a0\u00bb{}\u00a0\u00bb]<\/p>\n<p style=\"text-align: center;\"><a href=\"https:\/\/ailo.fr\/residence-abbaye-de-st-riquier\/\">Retour<\/a><\/p>\n<p>[\/et_pb_text][\/et_pb_column][et_pb_column type=\u00a0\u00bb1_3&Prime; _builder_version=\u00a0\u00bb4.21.0&Prime; _module_preset=\u00a0\u00bbdefault\u00a0\u00bb global_colors_info=\u00a0\u00bb{}\u00a0\u00bb][et_pb_text admin_label=\u00a0\u00bbsem 2&Prime; _builder_version=\u00a0\u00bb4.21.0&Prime; _module_preset=\u00a0\u00bbdefault\u00a0\u00bb global_colors_info=\u00a0\u00bb{}\u00a0\u00bb]<\/p>\n<p style=\"text-align: center;\"><a href=\"https:\/\/ailo.fr\/st-riquier-semaine-2\/\">Semaine suivante<\/a><\/p>\n<p>[\/et_pb_text][\/et_pb_column][\/et_pb_row][\/et_pb_section]<\/p>\n","protected":false},"excerpt":{"rendered":"<p>R\u00e9sidence \u00e0 l&rsquo;Abbaye de St Riquier SEMAINE 1\/6 IMMERSION \/ INSPIRATIONRetourSemaine suivante<\/p>","protected":false},"author":1,"featured_media":2699,"comment_status":"closed","ping_status":"closed","sticky":false,"template":"","format":"standard","meta":{"_et_pb_use_builder":"on","_et_pb_old_content":"","_et_gb_content_width":"","footnotes":""},"categories":[214],"tags":[],"class_list":["post-2910","post","type-post","status-publish","format-standard","has-post-thumbnail","hentry","category-st-riquier"],"yoast_head":"<!-- This site is optimized with the Yoast SEO plugin v27.5 - https:\/\/yoast.com\/product\/yoast-seo-wordpress\/ -->\n<title>St Riquier-semaine-1 - A.I.L.O se prononce Hello<\/title>\n<meta name=\"description\" content=\"AILO, Atelier d\u2019Immersion Lumineuse et Obscure, entit\u00e9 artistique qui se d\u00e9die \u00e0 une recherche de dialogue et d\u2019interactions entre diff\u00e9rents mat\u00e9riaux et proc\u00e9d\u00e9s num\u00e9riques et analogiques. Entre Arts contemporain et Arts num\u00e9riques.\" \/>\n<meta name=\"robots\" content=\"index, follow, max-snippet:-1, max-image-preview:large, max-video-preview:-1\" \/>\n<link rel=\"canonical\" href=\"https:\/\/ailo.fr\/en\/st-riquier-semaine-1\/\" \/>\n<meta property=\"og:locale\" content=\"en_GB\" \/>\n<meta property=\"og:type\" content=\"article\" \/>\n<meta property=\"og:title\" content=\"St Riquier-semaine-1 - A.I.L.O se prononce Hello\" \/>\n<meta property=\"og:description\" content=\"AILO, Atelier d\u2019Immersion Lumineuse et Obscure, entit\u00e9 artistique qui se d\u00e9die \u00e0 une recherche de dialogue et d\u2019interactions entre diff\u00e9rents mat\u00e9riaux et proc\u00e9d\u00e9s num\u00e9riques et analogiques. Entre Arts contemporain et Arts num\u00e9riques.\" \/>\n<meta property=\"og:url\" content=\"https:\/\/ailo.fr\/en\/st-riquier-semaine-1\/\" \/>\n<meta property=\"og:site_name\" content=\"A.I.L.O se prononce Hello\" \/>\n<meta property=\"article:publisher\" content=\"https:\/\/www.facebook.com\/profile.php?id=100013094883937\" \/>\n<meta property=\"article:published_time\" content=\"2023-04-27T13:03:29+00:00\" \/>\n<meta property=\"article:modified_time\" content=\"2024-02-07T13:17:57+00:00\" \/>\n<meta property=\"og:image\" content=\"https:\/\/ailo.fr\/wp-content\/uploads\/2023\/04\/SEMAINE-1_ST-RIQUIER-10.jpg\" \/>\n\t<meta property=\"og:image:width\" content=\"777\" \/>\n\t<meta property=\"og:image:height\" content=\"437\" \/>\n\t<meta property=\"og:image:type\" content=\"image\/jpeg\" \/>\n<meta name=\"author\" content=\"Edit\" \/>\n<meta name=\"twitter:card\" content=\"summary_large_image\" \/>\n<meta name=\"twitter:label1\" content=\"Written by\" \/>\n\t<meta name=\"twitter:data1\" content=\"Edit\" \/>\n\t<meta name=\"twitter:label2\" content=\"Estimated reading time\" \/>\n\t<meta name=\"twitter:data2\" content=\"7 minutes\" \/>\n<script type=\"application\/ld+json\" class=\"yoast-schema-graph\">{\"@context\":\"https:\\\/\\\/schema.org\",\"@graph\":[{\"@type\":\"Article\",\"@id\":\"https:\\\/\\\/ailo.fr\\\/st-riquier-semaine-1\\\/#article\",\"isPartOf\":{\"@id\":\"https:\\\/\\\/ailo.fr\\\/st-riquier-semaine-1\\\/\"},\"author\":{\"name\":\"Edit\",\"@id\":\"https:\\\/\\\/ailo.fr\\\/#\\\/schema\\\/person\\\/55cb312d8e24aa95a0fac9b0156951b1\"},\"headline\":\"St Riquier-semaine-1\",\"datePublished\":\"2023-04-27T13:03:29+00:00\",\"dateModified\":\"2024-02-07T13:17:57+00:00\",\"mainEntityOfPage\":{\"@id\":\"https:\\\/\\\/ailo.fr\\\/st-riquier-semaine-1\\\/\"},\"wordCount\":230,\"publisher\":{\"@id\":\"https:\\\/\\\/ailo.fr\\\/#organization\"},\"image\":{\"@id\":\"https:\\\/\\\/ailo.fr\\\/st-riquier-semaine-1\\\/#primaryimage\"},\"thumbnailUrl\":\"https:\\\/\\\/ailo.fr\\\/wp-content\\\/uploads\\\/2023\\\/04\\\/SEMAINE-1_ST-RIQUIER-10.jpg\",\"articleSection\":[\"St Riquier\"],\"inLanguage\":\"en-GB\"},{\"@type\":\"WebPage\",\"@id\":\"https:\\\/\\\/ailo.fr\\\/st-riquier-semaine-1\\\/\",\"url\":\"https:\\\/\\\/ailo.fr\\\/st-riquier-semaine-1\\\/\",\"name\":\"St Riquier-semaine-1 - A.I.L.O se prononce Hello\",\"isPartOf\":{\"@id\":\"https:\\\/\\\/ailo.fr\\\/#website\"},\"primaryImageOfPage\":{\"@id\":\"https:\\\/\\\/ailo.fr\\\/st-riquier-semaine-1\\\/#primaryimage\"},\"image\":{\"@id\":\"https:\\\/\\\/ailo.fr\\\/st-riquier-semaine-1\\\/#primaryimage\"},\"thumbnailUrl\":\"https:\\\/\\\/ailo.fr\\\/wp-content\\\/uploads\\\/2023\\\/04\\\/SEMAINE-1_ST-RIQUIER-10.jpg\",\"datePublished\":\"2023-04-27T13:03:29+00:00\",\"dateModified\":\"2024-02-07T13:17:57+00:00\",\"description\":\"AILO, Atelier d\u2019Immersion Lumineuse et Obscure, entit\u00e9 artistique qui se d\u00e9die \u00e0 une recherche de dialogue et d\u2019interactions entre diff\u00e9rents mat\u00e9riaux et proc\u00e9d\u00e9s num\u00e9riques et analogiques. Entre Arts contemporain et Arts num\u00e9riques.\",\"breadcrumb\":{\"@id\":\"https:\\\/\\\/ailo.fr\\\/st-riquier-semaine-1\\\/#breadcrumb\"},\"inLanguage\":\"en-GB\",\"potentialAction\":[{\"@type\":\"ReadAction\",\"target\":[\"https:\\\/\\\/ailo.fr\\\/st-riquier-semaine-1\\\/\"]}]},{\"@type\":\"ImageObject\",\"inLanguage\":\"en-GB\",\"@id\":\"https:\\\/\\\/ailo.fr\\\/st-riquier-semaine-1\\\/#primaryimage\",\"url\":\"https:\\\/\\\/ailo.fr\\\/wp-content\\\/uploads\\\/2023\\\/04\\\/SEMAINE-1_ST-RIQUIER-10.jpg\",\"contentUrl\":\"https:\\\/\\\/ailo.fr\\\/wp-content\\\/uploads\\\/2023\\\/04\\\/SEMAINE-1_ST-RIQUIER-10.jpg\",\"width\":777,\"height\":437},{\"@type\":\"BreadcrumbList\",\"@id\":\"https:\\\/\\\/ailo.fr\\\/st-riquier-semaine-1\\\/#breadcrumb\",\"itemListElement\":[{\"@type\":\"ListItem\",\"position\":1,\"name\":\"Accueil\",\"item\":\"https:\\\/\\\/ailo.fr\\\/\"},{\"@type\":\"ListItem\",\"position\":2,\"name\":\"St Riquier-semaine-1\"}]},{\"@type\":\"WebSite\",\"@id\":\"https:\\\/\\\/ailo.fr\\\/#website\",\"url\":\"https:\\\/\\\/ailo.fr\\\/\",\"name\":\"A.I.L.O se prononce Hello\",\"description\":\"Atelier d&#039;Immersion Lumineuse et Obscure\",\"publisher\":{\"@id\":\"https:\\\/\\\/ailo.fr\\\/#organization\"},\"potentialAction\":[{\"@type\":\"SearchAction\",\"target\":{\"@type\":\"EntryPoint\",\"urlTemplate\":\"https:\\\/\\\/ailo.fr\\\/?s={search_term_string}\"},\"query-input\":{\"@type\":\"PropertyValueSpecification\",\"valueRequired\":true,\"valueName\":\"search_term_string\"}}],\"inLanguage\":\"en-GB\"},{\"@type\":\"Organization\",\"@id\":\"https:\\\/\\\/ailo.fr\\\/#organization\",\"name\":\"AILO\",\"url\":\"https:\\\/\\\/ailo.fr\\\/\",\"logo\":{\"@type\":\"ImageObject\",\"inLanguage\":\"en-GB\",\"@id\":\"https:\\\/\\\/ailo.fr\\\/#\\\/schema\\\/logo\\\/image\\\/\",\"url\":\"https:\\\/\\\/ailo.fr\\\/wp-content\\\/uploads\\\/2016\\\/10\\\/logolight-WEB.gif\",\"contentUrl\":\"https:\\\/\\\/ailo.fr\\\/wp-content\\\/uploads\\\/2016\\\/10\\\/logolight-WEB.gif\",\"width\":177,\"height\":177,\"caption\":\"AILO\"},\"image\":{\"@id\":\"https:\\\/\\\/ailo.fr\\\/#\\\/schema\\\/logo\\\/image\\\/\"},\"sameAs\":[\"https:\\\/\\\/www.facebook.com\\\/profile.php?id=100013094883937\",\"https:\\\/\\\/www.instagram.com\\\/ailoatelier\\\/\"]},{\"@type\":\"Person\",\"@id\":\"https:\\\/\\\/ailo.fr\\\/#\\\/schema\\\/person\\\/55cb312d8e24aa95a0fac9b0156951b1\",\"name\":\"Edit\",\"image\":{\"@type\":\"ImageObject\",\"inLanguage\":\"en-GB\",\"@id\":\"https:\\\/\\\/secure.gravatar.com\\\/avatar\\\/57a0e66dc1aeb18fe47d9ed75439014b059bddccd06c7cf183fd32d832f7a04c?s=96&d=identicon&r=g\",\"url\":\"https:\\\/\\\/secure.gravatar.com\\\/avatar\\\/57a0e66dc1aeb18fe47d9ed75439014b059bddccd06c7cf183fd32d832f7a04c?s=96&d=identicon&r=g\",\"contentUrl\":\"https:\\\/\\\/secure.gravatar.com\\\/avatar\\\/57a0e66dc1aeb18fe47d9ed75439014b059bddccd06c7cf183fd32d832f7a04c?s=96&d=identicon&r=g\",\"caption\":\"Edit\"}}]}<\/script>\n<!-- \/ Yoast SEO plugin. -->","yoast_head_json":{"title":"St Riquier-semaine-1 - A.I.L.O se prononce Hello","description":"AILO, Atelier d\u2019Immersion Lumineuse et Obscure, entit\u00e9 artistique qui se d\u00e9die \u00e0 une recherche de dialogue et d\u2019interactions entre diff\u00e9rents mat\u00e9riaux et proc\u00e9d\u00e9s num\u00e9riques et analogiques. Entre Arts contemporain et Arts num\u00e9riques.","robots":{"index":"index","follow":"follow","max-snippet":"max-snippet:-1","max-image-preview":"max-image-preview:large","max-video-preview":"max-video-preview:-1"},"canonical":"https:\/\/ailo.fr\/en\/st-riquier-semaine-1\/","og_locale":"en_GB","og_type":"article","og_title":"St Riquier-semaine-1 - A.I.L.O se prononce Hello","og_description":"AILO, Atelier d\u2019Immersion Lumineuse et Obscure, entit\u00e9 artistique qui se d\u00e9die \u00e0 une recherche de dialogue et d\u2019interactions entre diff\u00e9rents mat\u00e9riaux et proc\u00e9d\u00e9s num\u00e9riques et analogiques. Entre Arts contemporain et Arts num\u00e9riques.","og_url":"https:\/\/ailo.fr\/en\/st-riquier-semaine-1\/","og_site_name":"A.I.L.O se prononce Hello","article_publisher":"https:\/\/www.facebook.com\/profile.php?id=100013094883937","article_published_time":"2023-04-27T13:03:29+00:00","article_modified_time":"2024-02-07T13:17:57+00:00","og_image":[{"width":777,"height":437,"url":"https:\/\/ailo.fr\/wp-content\/uploads\/2023\/04\/SEMAINE-1_ST-RIQUIER-10.jpg","type":"image\/jpeg"}],"author":"Edit","twitter_card":"summary_large_image","twitter_misc":{"Written by":"Edit","Estimated reading time":"7 minutes"},"schema":{"@context":"https:\/\/schema.org","@graph":[{"@type":"Article","@id":"https:\/\/ailo.fr\/st-riquier-semaine-1\/#article","isPartOf":{"@id":"https:\/\/ailo.fr\/st-riquier-semaine-1\/"},"author":{"name":"Edit","@id":"https:\/\/ailo.fr\/#\/schema\/person\/55cb312d8e24aa95a0fac9b0156951b1"},"headline":"St Riquier-semaine-1","datePublished":"2023-04-27T13:03:29+00:00","dateModified":"2024-02-07T13:17:57+00:00","mainEntityOfPage":{"@id":"https:\/\/ailo.fr\/st-riquier-semaine-1\/"},"wordCount":230,"publisher":{"@id":"https:\/\/ailo.fr\/#organization"},"image":{"@id":"https:\/\/ailo.fr\/st-riquier-semaine-1\/#primaryimage"},"thumbnailUrl":"https:\/\/ailo.fr\/wp-content\/uploads\/2023\/04\/SEMAINE-1_ST-RIQUIER-10.jpg","articleSection":["St Riquier"],"inLanguage":"en-GB"},{"@type":"WebPage","@id":"https:\/\/ailo.fr\/st-riquier-semaine-1\/","url":"https:\/\/ailo.fr\/st-riquier-semaine-1\/","name":"St Riquier-semaine-1 - A.I.L.O se prononce Hello","isPartOf":{"@id":"https:\/\/ailo.fr\/#website"},"primaryImageOfPage":{"@id":"https:\/\/ailo.fr\/st-riquier-semaine-1\/#primaryimage"},"image":{"@id":"https:\/\/ailo.fr\/st-riquier-semaine-1\/#primaryimage"},"thumbnailUrl":"https:\/\/ailo.fr\/wp-content\/uploads\/2023\/04\/SEMAINE-1_ST-RIQUIER-10.jpg","datePublished":"2023-04-27T13:03:29+00:00","dateModified":"2024-02-07T13:17:57+00:00","description":"AILO, Atelier d\u2019Immersion Lumineuse et Obscure, entit\u00e9 artistique qui se d\u00e9die \u00e0 une recherche de dialogue et d\u2019interactions entre diff\u00e9rents mat\u00e9riaux et proc\u00e9d\u00e9s num\u00e9riques et analogiques. Entre Arts contemporain et Arts num\u00e9riques.","breadcrumb":{"@id":"https:\/\/ailo.fr\/st-riquier-semaine-1\/#breadcrumb"},"inLanguage":"en-GB","potentialAction":[{"@type":"ReadAction","target":["https:\/\/ailo.fr\/st-riquier-semaine-1\/"]}]},{"@type":"ImageObject","inLanguage":"en-GB","@id":"https:\/\/ailo.fr\/st-riquier-semaine-1\/#primaryimage","url":"https:\/\/ailo.fr\/wp-content\/uploads\/2023\/04\/SEMAINE-1_ST-RIQUIER-10.jpg","contentUrl":"https:\/\/ailo.fr\/wp-content\/uploads\/2023\/04\/SEMAINE-1_ST-RIQUIER-10.jpg","width":777,"height":437},{"@type":"BreadcrumbList","@id":"https:\/\/ailo.fr\/st-riquier-semaine-1\/#breadcrumb","itemListElement":[{"@type":"ListItem","position":1,"name":"Accueil","item":"https:\/\/ailo.fr\/"},{"@type":"ListItem","position":2,"name":"St Riquier-semaine-1"}]},{"@type":"WebSite","@id":"https:\/\/ailo.fr\/#website","url":"https:\/\/ailo.fr\/","name":"A.I.L.O it pronounces Hello","description":"Art Immersive Luminous and Obscure","publisher":{"@id":"https:\/\/ailo.fr\/#organization"},"potentialAction":[{"@type":"SearchAction","target":{"@type":"EntryPoint","urlTemplate":"https:\/\/ailo.fr\/?s={search_term_string}"},"query-input":{"@type":"PropertyValueSpecification","valueRequired":true,"valueName":"search_term_string"}}],"inLanguage":"en-GB"},{"@type":"Organization","@id":"https:\/\/ailo.fr\/#organization","name":"AILO","url":"https:\/\/ailo.fr\/","logo":{"@type":"ImageObject","inLanguage":"en-GB","@id":"https:\/\/ailo.fr\/#\/schema\/logo\/image\/","url":"https:\/\/ailo.fr\/wp-content\/uploads\/2016\/10\/logolight-WEB.gif","contentUrl":"https:\/\/ailo.fr\/wp-content\/uploads\/2016\/10\/logolight-WEB.gif","width":177,"height":177,"caption":"AILO"},"image":{"@id":"https:\/\/ailo.fr\/#\/schema\/logo\/image\/"},"sameAs":["https:\/\/www.facebook.com\/profile.php?id=100013094883937","https:\/\/www.instagram.com\/ailoatelier\/"]},{"@type":"Person","@id":"https:\/\/ailo.fr\/#\/schema\/person\/55cb312d8e24aa95a0fac9b0156951b1","name":"Edit","image":{"@type":"ImageObject","inLanguage":"en-GB","@id":"https:\/\/secure.gravatar.com\/avatar\/57a0e66dc1aeb18fe47d9ed75439014b059bddccd06c7cf183fd32d832f7a04c?s=96&d=identicon&r=g","url":"https:\/\/secure.gravatar.com\/avatar\/57a0e66dc1aeb18fe47d9ed75439014b059bddccd06c7cf183fd32d832f7a04c?s=96&d=identicon&r=g","contentUrl":"https:\/\/secure.gravatar.com\/avatar\/57a0e66dc1aeb18fe47d9ed75439014b059bddccd06c7cf183fd32d832f7a04c?s=96&d=identicon&r=g","caption":"Edit"}}]}},"_links":{"self":[{"href":"https:\/\/ailo.fr\/en\/wp-json\/wp\/v2\/posts\/2910","targetHints":{"allow":["GET"]}}],"collection":[{"href":"https:\/\/ailo.fr\/en\/wp-json\/wp\/v2\/posts"}],"about":[{"href":"https:\/\/ailo.fr\/en\/wp-json\/wp\/v2\/types\/post"}],"author":[{"embeddable":true,"href":"https:\/\/ailo.fr\/en\/wp-json\/wp\/v2\/users\/1"}],"replies":[{"embeddable":true,"href":"https:\/\/ailo.fr\/en\/wp-json\/wp\/v2\/comments?post=2910"}],"version-history":[{"count":0,"href":"https:\/\/ailo.fr\/en\/wp-json\/wp\/v2\/posts\/2910\/revisions"}],"wp:featuredmedia":[{"embeddable":true,"href":"https:\/\/ailo.fr\/en\/wp-json\/wp\/v2\/media\/2699"}],"wp:attachment":[{"href":"https:\/\/ailo.fr\/en\/wp-json\/wp\/v2\/media?parent=2910"}],"wp:term":[{"taxonomy":"category","embeddable":true,"href":"https:\/\/ailo.fr\/en\/wp-json\/wp\/v2\/categories?post=2910"},{"taxonomy":"post_tag","embeddable":true,"href":"https:\/\/ailo.fr\/en\/wp-json\/wp\/v2\/tags?post=2910"}],"curies":[{"name":"wp","href":"https:\/\/api.w.org\/{rel}","templated":true}]}}